{"id":57488,"date":"2026-03-06T19:11:57","date_gmt":"2026-03-06T16:11:57","guid":{"rendered":"https:\/\/findmykids.org\/blog\/?p=57488"},"modified":"2026-03-17T16:58:14","modified_gmt":"2026-03-17T13:58:14","slug":"cosa-fare-se-tuo-figlio-adolescente-smette-di-lavarsi","status":"publish","type":"post","link":"https:\/\/findmykids.org\/blog\/it\/cosa-fare-se-tuo-figlio-adolescente-smette-di-lavarsi","title":{"rendered":"Cosa fare se tuo figlio adolescente smette di lavarsi"},"content":{"rendered":"<p>L\u2019adolescente non si lava i capelli, indossa sempre gli stessi vestiti, non si lava i denti. I genitori si preoccupano, si arrabbiano, cercano di convincerlo, ma senza risultati.<br \/>\nSembra che il ragazzo sia semplicemente pigro o lo faccia \u201cper dispetto\u201d. Ma nella maggior parte dei casi le ragioni sono pi\u00f9 profonde ed \u00e8 possibile affrontarle, a condizione di usare la dovuta delicatezza, senza esercitare pressioni.<\/p>\n<h2>Perch\u00e9 gli adolescenti smettono di prendersi cura di s\u00e9<\/h2>\n<p>Queste difficolt\u00e0 compaiono pi\u00f9 spesso tra gli 11 e i 18 anni e riguardano circa il 20% degli adolescenti. \u00c8 un periodo di crescita intensa, di ridefinizione dell\u2019identit\u00e0 e di particolare sensibilit\u00e0 a ci\u00f2 che accade nel mondo che li circonda.<br \/>\nIn questa situazione, la cura di s\u00e9 pu\u00f2 passare in secondo piano. Le cause possono essere diverse:<\/p>\n<ul style=\"text-align: left; width: 100%;\">\n<li><strong>Disallineamento tra corpo e mente.<\/strong> L\u2019adolescente cresce rapidamente, ma emotivamente pu\u00f2 non essere pronto ad accettare i cambiamenti del suo corpo.<\/li>\n<li><strong>Calo di autostima e motivazione.<\/strong> Il ragazzo pu\u00f2 sentirsi privo di energie o non motivato a prendersi cura di s\u00e9 oppure non percepire il proprio valore come persona.<\/li>\n<li><strong>Perdita di connessione con i genitori.<\/strong> In assenza di una vicinanza affettuosa e disponibile, diminuisce anche la motivazione interna alla cura di s\u00e9.<\/li>\n<li><strong>Caratteristiche neurologiche.<\/strong> Nei ragazzi con disturbo dello spettro autistico o ADHD possono manifestarsi difficolt\u00e0 di pianificazione e rispetto della routine o nella gestione degli stimoli sensoriali.<\/li>\n<li><strong>Difficolt\u00e0 emotive.<\/strong> Bullismo, ansia, depressione o protesta possono manifestarsi anche attraverso il rifiuto dell\u2019igiene personale.<\/li>\n<\/ul>\n<h2>Come parlare di igiene con un adolescente<\/h2>\n<p>\u00c8 importante non farlo sentire in colpa e non imporre niente. Meglio far sentire la propria vicinanza e offrire sostegno con delicatezza.<br \/>\nSi pu\u00f2 dire, ad esempio:<\/p>\n<ul style=\"text-align: left; width: 100%;\">\n<li>\u201cMi accorgo che in questo periodo hai delle difficolt\u00e0. Cosa ti impedisce di prenderti cura di te?\u201d<\/li>\n<li>\u201cPer me \u00e8 importante che in casa tutti si sentano a proprio agio e sereni. Proviamo a pensare insieme a come riuscirci?\u201d<\/li>\n<li>\u201cTi va di cambiare qualcosa nelle tue abitudini di cura personale? Possiamo farlo a piccoli passi.\u201d<\/li>\n<li>\u201cChe ne pensi di andare dal parrucchiere o dall&#8217;estetista? Magari potrebbe darti consigli adatti per te.\u201d<\/li>\n<li>\u201cQuando ti senti pi\u00f9 sicuro di te? C\u2019\u00e8 qualcosa che ti aiuta in quei momenti?\u201d<\/li>\n<\/ul>\n<h2>Cosa pu\u00f2 aiutare l\u2019adolescente a prendersi cura di s\u00e9<\/h2>\n<p>Perch\u00e9 un ragazzo inizi a seguire la propria igiene personale con regolarit\u00e0, \u00e8 importante che senta di averne la forza e di non essere lasciato solo. Ecco cosa pu\u00f2 essere utile:<\/p>\n<ul style=\"text-align: left; width: 100%;\">\n<li><strong>Lodare i piccoli passi.<\/strong> Anche solo lavarsi il viso \u00e8 gi\u00e0 un progresso.<\/li>\n<li><strong>Pianificare insieme.<\/strong> Creare un piano semplice: cosa fare al mattino e alla sera.<\/li>\n<li><strong>Promemoria e supporti visivi.<\/strong> Un elenco sullo specchio o un\u2019app possono risultare utili.<\/li>\n<li><strong>Un ambiente confortevole.<\/strong> Un sapone preferito, un asciugamano morbido, silenzio in bagno o la possibilit\u00e0 di ascoltare musica riducono le resistenze interne.<\/li>\n<li><strong>Responsabilizzazione graduale.<\/strong> Non \u00e8 necessario che l\u2019adolescente faccia tutto subito. Con il tuo sostegno, ma senza pressione, riuscir\u00e0 a sentirsi all\u2019altezza del compito.<\/li>\n<li><strong>Consulenze specialistiche.<\/strong> Estetista, tricologo, dermatologo, barbiere o parrucchiere possono dare indicazioni su pelle, capelli e cura personale in modo chiaro e motivante. A volte l\u2019autorevolezza di un professionista esterno alla famiglia \u00e8 pi\u00f9 efficace delle parole dei genitori.<\/li>\n<\/ul>\n<h2>Quando chiedere aiuto<\/h2>\n<p>Se il rifiuto dell\u2019igiene dura a lungo ed \u00e8 accompagnato da ansia, apatia o forte isolamento, \u00e8 bene rivolgersi a uno psicologo dell\u2019et\u00e0 evolutiva. A volte non si tratta di protesta, ma di dolore.<\/p>\n<p>Prendersi cura di s\u00e9 \u00e8 una capacit\u00e0 che si costruisce nel tempo. La cosa pi\u00f9 importante per i genitori \u00e8 esserci: con rispetto, pazienza e fiducia nel proprio figlio.<\/p>\n\t\t<div class=\"wpulike wpulike-default \" ><div class=\"wp_ulike_general_class wp_ulike_is_not_liked\"><button type=\"button\"\n\t\t\t\t\taria-label=\"Like Button\"\n\t\t\t\t\tdata-ulike-id=\"57488\"\n\t\t\t\t\tdata-ulike-nonce=\"4f93af8e1b\"\n\t\t\t\t\tdata-ulike-type=\"likeThis\"\n\t\t\t\t\tdata-ulike-template=\"wpulike-default\"\n\t\t\t\t\tdata-ulike-display-likers=\"0\"\n\t\t\t\t\tdata-ulike-disable-pophover=\"0\"\n\t\t\t\t\tclass=\"wp_ulike_btn wp_ulike_put_image wp_likethis_57488\"><\/button><\/div><\/div>\n\t","protected":false},"excerpt":{"rendered":"<p>L\u2019adolescente non si lava i capelli, indossa sempre gli stessi vestiti, non si lava i&#8230;<\/p>\n","protected":false},"author":49,"featured_media":53779,"comment_status":"open","ping_status":"open","sticky":false,"template":"","format":"standard","meta":{"layf_related_links":[""],"layf_exclude_from_feed":["1"],"classic-editor-remember":["classic-editor"],"_edit_lock":["1773756048:1"],"_edit_last":["1"],"_thumbnail_id":["53779"],"mpulseenable_meta_value":["no"],"yzcategory_meta_value":["\u0414\u043e\u043c"],"yzrating_meta_value":["\u041d\u0435\u0442 (\u043d\u0435 \u0434\u043b\u044f \u0432\u0437\u0440\u043e\u0441\u043b\u044b\u0445)"],"yzrssenabled_meta_value":["no"],"_s2mail":["yes"],"_ez-toc-disabled":[""],"_ez-toc-insert":[""],"_ez-toc-header-label":[""],"_ez-toc-device-target":[""],"_ez-toc-alignment":["none"],"_ez-toc-heading-levels":["a:0:{}"],"_ez-toc-alttext":[""],"_ez-toc-visibility_hide_by_default":[""],"_ez-toc-hide_counter":[""],"_ez-toc-exclude":[""],"_ez-toc-word_count_limit":["0"],"_ez-toc-position-specific":[""],"\u0430\u0432\u0442\u043e\u0440":["Il team editoriale di Findmykids"],"_\u0430\u0432\u0442\u043e\u0440":["field_5e33cab3984d1"],"\u0444\u043e\u0442\u043e":["3272"],"_\u0444\u043e\u0442\u043e":["field_5e33cbc1984d2"],"hide-in-popular":[""],"_hide-in-popular":["field_5d0c8a5b4fde2"],"custom_title":[""],"_custom_title":["field_67cfbde67c007"],"custom_image":[""],"_custom_image":["field_67d012de223ac"],"custom_alt":[""],"_custom_alt":["field_67d012f6223ad"],"read_more":[""],"_read_more":["field_67d0130e223ae"],"_aioseo_title":[null],"_aioseo_description":[null],"_aioseo_keywords":[""],"_aioseo_og_title":[null],"_aioseo_og_description":[null],"_aioseo_og_article_section":[""],"_aioseo_og_article_tags":[""],"_aioseo_twitter_title":[null],"_aioseo_twitter_description":[null],"saswp_custom_schema_field":[""]},"categories":[668],"tags":[],"language":[42],"acf":{"custom_title":"","custom_image":"","custom_alt":"","read_more":""},"aioseo_notices":[],"featured_image_src":"https:\/\/cdn-blog.findmykids.org\/2025\/07\/Podrostok-perestal-mytsya.-CHto-delat_1200x640_statya.png","author_info":{"display_name":"Il team editoriale di Findmykids","author_link":"https:\/\/findmykids.org\/blog\/ru\/author\/il-team-editoriale-di-findmykids"},"jetpack_featured_media_url":"https:\/\/cdn-blog.findmykids.org\/2025\/07\/Podrostok-perestal-mytsya.-CHto-delat_1200x640_statya.png","reading_time":"2","_links":{"self":[{"href":"https:\/\/findmykids.org\/blog\/wp-json\/wp\/v2\/posts\/57488"}],"collection":[{"href":"https:\/\/findmykids.org\/blog\/wp-json\/wp\/v2\/posts"}],"about":[{"href":"https:\/\/findmykids.org\/blog\/wp-json\/wp\/v2\/types\/post"}],"author":[{"embeddable":true,"href":"https:\/\/findmykids.org\/blog\/wp-json\/wp\/v2\/users\/49"}],"replies":[{"embeddable":true,"href":"https:\/\/findmykids.org\/blog\/wp-json\/wp\/v2\/comments?post=57488"}],"version-history":[{"count":2,"href":"https:\/\/findmykids.org\/blog\/wp-json\/wp\/v2\/posts\/57488\/revisions"}],"predecessor-version":[{"id":57839,"href":"https:\/\/findmykids.org\/blog\/wp-json\/wp\/v2\/posts\/57488\/revisions\/57839"}],"wp:featuredmedia":[{"embeddable":true,"href":"https:\/\/findmykids.org\/blog\/wp-json\/wp\/v2\/media\/53779"}],"wp:attachment":[{"href":"https:\/\/findmykids.org\/blog\/wp-json\/wp\/v2\/media?parent=57488"}],"wp:term":[{"taxonomy":"category","embeddable":true,"href":"https:\/\/findmykids.org\/blog\/wp-json\/wp\/v2\/categories?post=57488"},{"taxonomy":"post_tag","embeddable":true,"href":"https:\/\/findmykids.org\/blog\/wp-json\/wp\/v2\/tags?post=57488"},{"taxonomy":"language","embeddable":true,"href":"https:\/\/findmykids.org\/blog\/wp-json\/wp\/v2\/language?post=57488"}],"curies":[{"name":"wp","href":"https:\/\/api.w.org\/{rel}","templated":true}]}}