{"id":57506,"date":"2026-03-06T19:28:10","date_gmt":"2026-03-06T16:28:10","guid":{"rendered":"https:\/\/findmykids.org\/blog\/?p=57506"},"modified":"2026-03-17T17:02:22","modified_gmt":"2026-03-17T14:02:22","slug":"cosa-fare-se-un-bambino-urla-ti-odio","status":"publish","type":"post","link":"https:\/\/findmykids.org\/blog\/it\/cosa-fare-se-un-bambino-urla-ti-odio","title":{"rendered":"Cosa fare se un bambino urla \u201cTi odio\u201d"},"content":{"rendered":"<p>A volte anche il bambino pi\u00f9 affettuoso pu\u00f2 dire a un genitore \u201cTi odio!\u201d. Fa male, soprattutto quando cerchi di essere un genitore attento e comprensivo. Ma \u00e8 importante ricordare che in quei momenti il bambino non parla del tuo valore, bens\u00ec dei suoi sentimenti che, in quel momento, sono intensi, difficili da controllare e spesso spaventosi anche per lui.<\/p>\n<h2>Perch\u00e9 i bambini dicono \u201cTi odio\u201d<\/h2>\n<p>Queste parole sono un segnale di emozioni forti. I bambini dai 7 ai 12 anni possono dirlo quando sono stanchi, devono affrontare nuove regole o non riescono a esprimere diversamente rabbia e risentimento.<br \/>\nGli adolescenti tra i 13 e i 17 anni usano pi\u00f9 spesso questa frase come forma di protesta, per farsi ascoltare o affermare la propria indipendenza. Dietro questa frase quasi sempre si nascondono dolore, confusione, rabbia o impotenza.<\/p>\n<h2>Cosa \u00e8 importante tenere presente per un genitore<\/h2>\n<p>Cerca di non prenderla sul personale. Queste emozioni non parlano di te. Il bambino non ti sta giudicando n\u00e9 rifiutando come genitore: sta esprimendo sentimenti che non riesce a gestire, come rabbia, paura, delusione, frustrazione.<\/p>\n<h2>Come rispondere, passo per passo<\/h2>\n<p>Quando un bambino dice \u201cTi odio\u201d, \u00e8 importante non offendersi, ma mostrare che sei disponibile a interagire. Ecco cosa fare, nell\u2019ordine:<\/p>\n<ol>\n<li><strong> Mantieni la calma<\/strong><strong><br \/>\n<\/strong>Anche se dentro sei sconvolto, sforzati di parlare con voce calma, senza toni bruschi. La tua tranquillit\u00e0 aiuta il bambino a sentirsi al sicuro: \u201cNon mi hanno respinto, nemmeno quando ero furioso\u201d.<\/li>\n<li><strong> Fai una pausa<\/strong><strong><br \/>\n<\/strong>Se non sai cosa dire, va bene cos\u00ec. Il silenzio e qualche respiro profondo spesso funzionano meglio di una risposta impulsiva.<\/li>\n<li><strong> Offri sostegno con le parole<\/strong><strong><br \/>\n<\/strong>Quando ti senti pronto a parlare, usa frasi che dimostrano al bambino che comprendi il suo stato emotivo senza alimentare il conflitto:<\/li>\n<\/ol>\n<ul style=\"text-align: left; width: 100%;\">\n<li>\u201cSei molto arrabbiato in questo momento. Lo capisco.\u201d<\/li>\n<li>\u201cMi dispiace che tu stia cos\u00ec male.<\/li>\n<li>\u201cTi voglio bene lo stesso.\u201d<\/li>\n<li>\u201cSono qui.\u201d<\/li>\n<li>\u201cCapisco che questo per te sia un momento difficile.\u201d<\/li>\n<\/ul>\n<h2>Cosa evitare<\/h2>\n<p>In questi momenti \u00e8 facile lasciarsi prendere dal risentimento per l\u2019offesa, da rabbia o smarrimento. Ma la reazione dell\u2019adulto \u00e8 ci\u00f2 che pu\u00f2 peggiorare il livello dello scontro oppure aiutare a spegnerlo.<br \/>\nEvita di:<\/p>\n<ul style=\"text-align: left; width: 100%;\">\n<li>urlare o rispondere con emozioni alle emozioni, perch\u00e9 questo peggiora solo la situazione;<\/li>\n<li>accusare o offenderti: \u201cCome puoi parlarmi cos\u00ec!\u201d;<\/li>\n<\/ul>\n<ul style=\"text-align: left; width: 100%;\">\n<li>pretendere scuse immediate: dai tempo al bambino di calmarsi;<\/li>\n<li>fare prediche: nei momenti di forte emozione il bambino non ascolta lezioni, ha bisogno di comprensione e della tua presenza.<\/li>\n<\/ul>\n<h2>Come aiutare il bambino a gestire le emozioni intense<\/h2>\n<p>La frase \u201cTi odio\u201d spesso compare quando mancano parole, strumenti e una base emotiva solida. Per questo \u00e8 importante non solo reagire con calma sul momento, ma anche insegnare col tempo al bambino a vivere le emozioni in modo diverso.<\/p>\n<p>Ad esempio, quando se ne presenta l\u2019occasione, pu\u00f2 essere utile:<\/p>\n<ul style=\"text-align: left; width: 100%;\">\n<li><strong>Dare un nome alle emozioni:<\/strong> \u201cSembri arrabbiato\u201d, \u201cQuesto pu\u00f2 averti ferito\u201d.<\/li>\n<li><strong>Parlare delle proprie emozioni:<\/strong> \u201cMi sono sentita triste perch\u00e9\u2026\u201d, \u201cMi sono preoccupato quando\u2026\u201d.<\/li>\n<li><strong>Discutere dei sentimenti nei momenti sereni:<\/strong> film, storie o esperienze condivise sono ottime occasioni.<\/li>\n<li><strong>Ribadire che le emozioni sono normali:<\/strong> non tutti i comportamenti sono accettabili, ma le emozioni non sono motivo di vergogna.<\/li>\n<\/ul>\n<p>Col tempo il bambino capir\u00e0 che pu\u00f2 parlare apertamente di ci\u00f2 che prova e, al posto di \u201cTi odio\u201d, sar\u00e0 in grado di dire \u201cSono molto arrabbiato\u201d o \u201cMi sento ferito\u201d.<\/p>\n<p>Dietro le parole pi\u00f9 dure spesso si nasconde una domanda: \u201cSei ancora disposto a volermi bene?\u201d. Una reazione basata sulla calma e sulla comprensione \u00e8 il modo migliore di sostenere tuo figlio nella sua crescita.<\/p>\n\t\t<div class=\"wpulike wpulike-default \" ><div class=\"wp_ulike_general_class wp_ulike_is_not_liked\"><button type=\"button\"\n\t\t\t\t\taria-label=\"Like Button\"\n\t\t\t\t\tdata-ulike-id=\"57506\"\n\t\t\t\t\tdata-ulike-nonce=\"e9fe447c6c\"\n\t\t\t\t\tdata-ulike-type=\"likeThis\"\n\t\t\t\t\tdata-ulike-template=\"wpulike-default\"\n\t\t\t\t\tdata-ulike-display-likers=\"0\"\n\t\t\t\t\tdata-ulike-disable-pophover=\"0\"\n\t\t\t\t\tclass=\"wp_ulike_btn wp_ulike_put_image wp_likethis_57506\"><\/button><\/div><\/div>\n\t","protected":false},"excerpt":{"rendered":"<p>A volte anche il bambino pi\u00f9 affettuoso pu\u00f2 dire a un genitore \u201cTi odio!\u201d. Fa&#8230;<\/p>\n","protected":false},"author":49,"featured_media":53803,"comment_status":"open","ping_status":"open","sticky":false,"template":"","format":"standard","meta":{"layf_related_links":[""],"layf_exclude_from_feed":["1"],"classic-editor-remember":["classic-editor"],"_edit_lock":["1773756011:1"],"_edit_last":["1"],"_thumbnail_id":["53803"],"mpulseenable_meta_value":["no"],"yzcategory_meta_value":["\u0414\u043e\u043c"],"yzrating_meta_value":["\u041d\u0435\u0442 (\u043d\u0435 \u0434\u043b\u044f \u0432\u0437\u0440\u043e\u0441\u043b\u044b\u0445)"],"yzrssenabled_meta_value":["no"],"_s2mail":["yes"],"_ez-toc-disabled":[""],"_ez-toc-insert":[""],"_ez-toc-header-label":[""],"_ez-toc-device-target":[""],"_ez-toc-alignment":["none"],"_ez-toc-heading-levels":["a:0:{}"],"_ez-toc-alttext":[""],"_ez-toc-visibility_hide_by_default":[""],"_ez-toc-hide_counter":[""],"_ez-toc-exclude":[""],"_ez-toc-word_count_limit":["0"],"_ez-toc-position-specific":[""],"\u0430\u0432\u0442\u043e\u0440":["Il team editoriale di Findmykids"],"_\u0430\u0432\u0442\u043e\u0440":["field_5e33cab3984d1"],"\u0444\u043e\u0442\u043e":["3272"],"_\u0444\u043e\u0442\u043e":["field_5e33cbc1984d2"],"hide-in-popular":[""],"_hide-in-popular":["field_5d0c8a5b4fde2"],"custom_title":[""],"_custom_title":["field_67cfbde67c007"],"custom_image":[""],"_custom_image":["field_67d012de223ac"],"custom_alt":[""],"_custom_alt":["field_67d012f6223ad"],"read_more":[""],"_read_more":["field_67d0130e223ae"],"_aioseo_title":[null],"_aioseo_description":[null],"_aioseo_keywords":[""],"_aioseo_og_title":[null],"_aioseo_og_description":[null],"_aioseo_og_article_section":[""],"_aioseo_og_article_tags":[""],"_aioseo_twitter_title":[null],"_aioseo_twitter_description":[null],"saswp_custom_schema_field":[""]},"categories":[668],"tags":[],"language":[42],"acf":{"custom_title":"","custom_image":"","custom_alt":"","read_more":""},"aioseo_notices":[],"featured_image_src":"https:\/\/cdn-blog.findmykids.org\/2025\/07\/CHto-delat-esli-rebyonok-krichit-YA-tebya-nenavizhu_1200x640_statya.png","author_info":{"display_name":"Il team editoriale di Findmykids","author_link":"https:\/\/findmykids.org\/blog\/ru\/author\/il-team-editoriale-di-findmykids"},"jetpack_featured_media_url":"https:\/\/cdn-blog.findmykids.org\/2025\/07\/CHto-delat-esli-rebyonok-krichit-YA-tebya-nenavizhu_1200x640_statya.png","reading_time":"2","_links":{"self":[{"href":"https:\/\/findmykids.org\/blog\/wp-json\/wp\/v2\/posts\/57506"}],"collection":[{"href":"https:\/\/findmykids.org\/blog\/wp-json\/wp\/v2\/posts"}],"about":[{"href":"https:\/\/findmykids.org\/blog\/wp-json\/wp\/v2\/types\/post"}],"author":[{"embeddable":true,"href":"https:\/\/findmykids.org\/blog\/wp-json\/wp\/v2\/users\/49"}],"replies":[{"embeddable":true,"href":"https:\/\/findmykids.org\/blog\/wp-json\/wp\/v2\/comments?post=57506"}],"version-history":[{"count":2,"href":"https:\/\/findmykids.org\/blog\/wp-json\/wp\/v2\/posts\/57506\/revisions"}],"predecessor-version":[{"id":57844,"href":"https:\/\/findmykids.org\/blog\/wp-json\/wp\/v2\/posts\/57506\/revisions\/57844"}],"wp:featuredmedia":[{"embeddable":true,"href":"https:\/\/findmykids.org\/blog\/wp-json\/wp\/v2\/media\/53803"}],"wp:attachment":[{"href":"https:\/\/findmykids.org\/blog\/wp-json\/wp\/v2\/media?parent=57506"}],"wp:term":[{"taxonomy":"category","embeddable":true,"href":"https:\/\/findmykids.org\/blog\/wp-json\/wp\/v2\/categories?post=57506"},{"taxonomy":"post_tag","embeddable":true,"href":"https:\/\/findmykids.org\/blog\/wp-json\/wp\/v2\/tags?post=57506"},{"taxonomy":"language","embeddable":true,"href":"https:\/\/findmykids.org\/blog\/wp-json\/wp\/v2\/language?post=57506"}],"curies":[{"name":"wp","href":"https:\/\/api.w.org\/{rel}","templated":true}]}}