{"id":7820,"date":"2020-02-11T11:08:06","date_gmt":"2020-02-11T08:08:06","guid":{"rendered":"\/blog\/?p=7820"},"modified":"2021-06-21T13:51:17","modified_gmt":"2021-06-21T10:51:17","slug":"inteligencia-emocional","status":"publish","type":"post","link":"https:\/\/findmykids.org\/blog\/pt-br\/inteligencia-emocional","title":{"rendered":"O que \u00e9 a intelig\u00eancia emocional e como educar uma crian\u00e7a feliz"},"content":{"rendered":"<p>Hoje em dia, todo pai e m\u00e3e que que se preza acha que \u00e9 essencial inscrever o filho em todos os tipos de atividades extracurriculares poss\u00edveis: aulas de idiomas, arte, aritm\u00e9tica mental\u2026 e a lista n\u00e3o para aqui. Com tr\u00eas anos de idade, os pais querem que a crian\u00e7a saiba falar ingl\u00eas, contar at\u00e9 100 e pintar como um Van Gogh.<\/p>\n<p>Mas s\u00e3o rar\u00edssimos os pais modernos que d\u00e3o aten\u00e7\u00e3o para o desenvolvimento do mundo emocional de seus filhos: as emo\u00e7\u00f5es da crian\u00e7a, a sua capacidade de comunica\u00e7\u00e3o e, de modo geral, tudo aquilo que entra na categoria de intelig\u00eancia emocional. \u00c9 comum pensarem que estes processos se desenvolvem automaticamente na mente da crian\u00e7a, sem nenhuma ajuda externa.<\/p>\n<p>Este tipo de pensamento \u00e9 um grande erro.<\/p>\n<p class=\"warning\">Quando a esfera emocional n\u00e3o recebe aten\u00e7\u00e3o, ela come\u00e7a a retardar o desenvolvimento dos processos intelectuais da crian\u00e7a. A isto se une o impacto da tecnologia nas nossas vidas \u2013 o uso incessante de dispositivos eletr\u00f4nicos, tanto na parte dos adultos quanto das crian\u00e7as \u2013 que vai causando o fen\u00f4meno do \u201ccora\u00e7\u00e3o vazio\u201d: as crian\u00e7as perdem o contato com as emo\u00e7\u00f5es, viram menos sens\u00edveis aos sentimentos de outros e passam a viver cada vez mais num mundo virtual, sem relacionamentos pessoais de verdade.<\/p>\n<p>O que est\u00e1 acontecendo aqui \u00e9 que a intelig\u00eancia emocional delas n\u00e3o est\u00e1 sendo desenvolvida.<\/p>\n<p>O que voc\u00ea, como pai ou m\u00e3e, pode fazer a respeito? A resposta \u00e9 f\u00e1cil: desenvolva a intelig\u00eancia emocional da crian\u00e7a, ensinando a ela como compreender a si mesmo e aos outros.<\/p>\n<p>Neste artigo, voc\u00ea descobrir\u00e1 o significado da intelig\u00eancia emocional e ver\u00e1 se ela afeta ou n\u00e3o o sucesso no aprendizado escolar. Al\u00e9m disso, voc\u00ea obter\u00e1 uma vis\u00e3o melhor dos m\u00e9todos e formas atrav\u00e9s dos quais \u00e9 poss\u00edvel desenvolver a esfera das emo\u00e7\u00f5es e sentimentos de seu filho.<\/p>\n<h2>Conte\u00fados:<\/h2>\n<ul class=\"contents\">\n<li><a href=\"#Intelig\u00eancia\">Intelig\u00eancia emocional: significado e componentes<\/a>\n<ul>\n<li><a href=\"#Como\">Como a intelig\u00eancia emocional ajuda a crian\u00e7a na escola?<\/a><\/li>\n<li><a href=\"#\u00c9\">\u00c9 essencial desenvolver a intelig\u00eancia emocional?<\/a><\/li>\n<\/ul>\n<\/li>\n<li><a href=\"#Sinais\">Sinais de um baixo n\u00edvel de intelig\u00eancia emocional<\/a><\/li>\n<li><a href=\"#Diagn\u00f3stico\">Diagn\u00f3stico de QE\u00a0<\/a><\/li>\n<li><a href=\"#Desenvolvimento\">Desenvolvimento da esfera de emo\u00e7\u00f5es e sentimentos da crian\u00e7a<\/a>\n<ul>\n<li><a href=\"#Primeiro\">Primeiro n\u00edvel (do nascimento aos tr\u00eas anos de idade)<\/a><\/li>\n<li><a href=\"#Segundo\">Segundo n\u00edvel: idade pr\u00e9-escolar (dos 4 aos 7 anos de idade)<\/a><\/li>\n<li><a href=\"#Terceiro\">Terceiro n\u00edvel: idade escolar (dos 7 aos 10 anos de idade)<\/a><\/li>\n<li><a href=\"#Quarto\">Quarto n\u00edvel: adolesc\u00eancia (dos 10 aos 18 anos de idade)<\/a><\/li>\n<\/ul>\n<\/li>\n<li><a href=\"#Conselhos\">Conselhos pr\u00e1ticos para os pais<\/a><\/li>\n<li><a href=\"#Jogos\">Jogos, brincadeiras e exerc\u00edcios para o desenvolvimento da intelig\u00eancia emocional da crian\u00e7a<\/a><\/li>\n<\/ul>\n<h2 id=\"Intelig\u00eancia\">Intelig\u00eancia emocional: significado e componentes<\/h2>\n<div id=\"attachment_6621\" style=\"width: 760px\" class=\"wp-caption aligncenter\"><img aria-describedby=\"caption-attachment-6621\" decoding=\"async\" loading=\"lazy\" class=\"aligncenter wp-image-6621\" src=\"https:\/\/cdn-blog.findmykids.org\/2019\/12\/artificial-intelligence-1024x683.jpg\" alt=\"\" width=\"750\" height=\"500\" srcset=\"https:\/\/cdn-blog.findmykids.org\/2019\/12\/artificial-intelligence-1024x683.jpg 1024w, https:\/\/cdn-blog.findmykids.org\/2019\/12\/artificial-intelligence-150x100.jpg 150w, https:\/\/cdn-blog.findmykids.org\/2019\/12\/artificial-intelligence-300x200.jpg 300w, https:\/\/cdn-blog.findmykids.org\/2019\/12\/artificial-intelligence-768x512.jpg 768w, https:\/\/cdn-blog.findmykids.org\/2019\/12\/artificial-intelligence-600x400.jpg 600w, https:\/\/cdn-blog.findmykids.org\/2019\/12\/artificial-intelligence-200x133.jpg 200w, https:\/\/cdn-blog.findmykids.org\/2019\/12\/artificial-intelligence-808x539.jpg 808w, https:\/\/cdn-blog.findmykids.org\/2019\/12\/artificial-intelligence-392x261.jpg 392w, https:\/\/cdn-blog.findmykids.org\/2019\/12\/artificial-intelligence-1232x821.jpg 1232w, https:\/\/cdn-blog.findmykids.org\/2019\/12\/artificial-intelligence.jpg 1920w\" sizes=\"(max-width: 750px) 100vw, 750px\" \/><p id=\"caption-attachment-6621\" class=\"wp-caption-text\">Prostock-studio\/Shutterstock.com<\/p><\/div>\n<p>A intelig\u00eancia emocional \u00e9 um tipo de intelig\u00eancia respons\u00e1vel por permitir que a pessoa identifique as pr\u00f3prias emo\u00e7\u00f5es e as de outros indiv\u00edduos. Ela tamb\u00e9m \u00e9 relacionada \u00e0 capacidade que a pessoa tem de controlar as pr\u00f3prias emo\u00e7\u00f5es.<\/p>\n<p>Os cientistas s\u00f3 come\u00e7aram a se interessar por este campo h\u00e1 relativamente pouco tempo \u2013 a primeira pesquisa sobre a intelig\u00eancia emocional foi feita em 1990. Os seus autores, Peter Salovey e John Mayer, identificaram quatro componentes da intelig\u00eancia emocional:<\/p>\n<ol>\n<li>Percep\u00e7\u00e3o de emo\u00e7\u00f5es: a capacidade da pessoa de identificar as pr\u00f3prias emo\u00e7\u00f5es e as de outras pessoas (atrav\u00e9s de express\u00f5es faciais, movimentos, poses, comportamento e tom de voz).<\/li>\n<li>Compreens\u00e3o de emo\u00e7\u00f5es: a capacidade de identificar os motivos que levaram a uma certa emo\u00e7\u00e3o em si mesmo e em outros; a identifica\u00e7\u00e3o da conex\u00e3o entre emo\u00e7\u00f5es e pensamentos.<\/li>\n<li>Saber lidar com emo\u00e7\u00f5es: a capacidade de suprimir, despertar e direcionar as pr\u00f3prias emo\u00e7\u00f5es, assim como as de outros, a fim de atingir determinados objetivos.<\/li>\n<li>Uso de emo\u00e7\u00f5es para estimular o pensamento: a capacidade de usar emo\u00e7\u00f5es para despertar a pr\u00f3pria criatividade e estimular a atividade cerebral.<\/li>\n<\/ol>\n<p>Em outras palavras, a teoria do desenvolvimento de intelig\u00eancia emocional se baseia na experi\u00eancia infantil de primeiro compreender e depois aprender a lidar com as pr\u00f3prias emo\u00e7\u00f5es.<\/p>\n<h3 id=\"Como\">Como a intelig\u00eancia emocional ajuda a crian\u00e7a na escola?<\/h3>\n<div id=\"attachment_4434\" style=\"width: 760px\" class=\"wp-caption aligncenter\"><img aria-describedby=\"caption-attachment-4434\" decoding=\"async\" loading=\"lazy\" class=\"aligncenter size-full wp-image-4434\" src=\"https:\/\/cdn-blog.findmykids.org\/2019\/08\/education.jpg\" alt=\"\" width=\"750\" height=\"500\" srcset=\"https:\/\/cdn-blog.findmykids.org\/2019\/08\/education.jpg 750w, https:\/\/cdn-blog.findmykids.org\/2019\/08\/education-150x100.jpg 150w, https:\/\/cdn-blog.findmykids.org\/2019\/08\/education-300x200.jpg 300w, https:\/\/cdn-blog.findmykids.org\/2019\/08\/education-392x261.jpg 392w\" sizes=\"(max-width: 750px) 100vw, 750px\" \/><p id=\"caption-attachment-4434\" class=\"wp-caption-text\">Prostock-studio\/Shutterstock.com<\/p><\/div>\n<p>A especificidade da abordagem do aprendizado moderno exige da crian\u00e7a sempre mais concentra\u00e7\u00e3o, rea\u00e7\u00f5es r\u00e1pidas a um ambiente vol\u00e1til, o desenvolvimento de habilidades de comunica\u00e7\u00e3o e a supress\u00e3o dos desejos do momento a fim de alcan\u00e7ar determinados objetivos.<\/p>\n<p>Abaixo voc\u00ea temos um resultado interessante de um estudo recente sobre a intelig\u00eancia emocional de alunos de ensino m\u00e9dio em uma escola secund\u00e1ria, em 2018:<\/p>\n<table>\n<tbody>\n<tr>\n<td><em><strong>N\u00edvel<\/strong><\/em><\/td>\n<td><strong>N\u00edvel alt\u00edssimo<\/strong><\/td>\n<td><strong>N\u00edvel alto<\/strong><\/td>\n<td><strong>N\u00edvel m\u00e9dio<\/strong><\/td>\n<td><strong>N\u00edvel baixo<\/strong><\/td>\n<td><strong>N\u00edvel muito baixo<\/strong><\/td>\n<\/tr>\n<tr>\n<td>Resultados em %<\/td>\n<td>5%<\/td>\n<td>15%<\/td>\n<td>31%<\/td>\n<td>23%<\/td>\n<td>26%<\/td>\n<\/tr>\n<\/tbody>\n<\/table>\n<p class=\"warning\">Os alunos com n\u00edveis altos ou m\u00e9dios de desenvolvimento da esfera dos sentimentos estavam bem adaptados \u00e0s condi\u00e7\u00f5es da vida escolar. Eles conseguiam estabelecer e manter uma boa comunica\u00e7\u00e3o com os professores e obtinham resultados melhores do que os outros em seus estudos.<\/p>\n<p>J\u00e1 os alunos com desenvolvimento baixo ou muito baixo de intelig\u00eancia emocional tinham dificuldades na comunica\u00e7\u00e3o com colegas e professores. Eles entravam em conflito com maior frequ\u00eancia e tendiam a se isolar do grupo. Al\u00e9m disso, eles tinham dificuldade em controlar seus estados emocionais em situa\u00e7\u00f5es cr\u00edticas ou de alta tens\u00e3o. O n\u00edvel do aprendizado deles n\u00e3o passava de regular.<\/p>\n<table style=\"height: 160px; background-color: white !important; max-width: 600px !important;\">\n<tbody>\n<tr>\n<td style=\"background-color: white !important; border: 0px; padding: 0 10px 0 0 !important; margin: 0px;\" rowspan=\"2\" width=\"160\"><span style=\"color: #ffffff;\"><img decoding=\"async\" loading=\"lazy\" class=\"alignnone size-full wp-image-678\" src=\"https:\/\/cdn-blog.findmykids.org\/2017\/01\/fmk_05_andr_1024_preview.png\" alt=\"fmk_05_andr_1024_preview\" width=\"160\" height=\"160\" srcset=\"https:\/\/cdn-blog.findmykids.org\/2017\/01\/fmk_05_andr_1024_preview.png 1077w, https:\/\/cdn-blog.findmykids.org\/2017\/01\/fmk_05_andr_1024_preview-808x808.png 808w, https:\/\/cdn-blog.findmykids.org\/2017\/01\/fmk_05_andr_1024_preview-392x392.png 392w, https:\/\/cdn-blog.findmykids.org\/2017\/01\/fmk_05_andr_1024_preview-768x768.png 768w, https:\/\/cdn-blog.findmykids.org\/2017\/01\/fmk_05_andr_1024_preview-1024x1024.png 1024w, https:\/\/cdn-blog.findmykids.org\/2017\/01\/fmk_05_andr_1024_preview-300x300.png 300w\" sizes=\"(max-width: 160px) 100vw, 160px\" \/><\/span><\/td>\n<td style=\"background-color: white !important; border: 0px; padding: 0px;\" colspan=\"2\" width=\"550\">\n<h5 style=\"padding: 0 !important; margin: 0 !important;\"><span data-story-id=\"story_fca0d494cc77017ccb5a722a389a89d4\" data-room-id=\"room_28dc0f93a650e3d30b06c1e891090284\" data-timestamp=\"1581406654428\" data-text=\"Instale o app Findmykids\" data-userid=\"938022927999860736\" data-orgid=\"938022928004055041\">Instale o app Findmykids<\/span><\/h5>\n<p><span data-story-id=\"story_fca0d494cc77017ccb5a722a389a89d4\" data-room-id=\"room_28dc0f93a650e3d30b06c1e891090284\" data-timestamp=\"1581406654428\" data-text=\"Verifique se o seu filho est\u00e1 na escola e se est\u00e1 tudo bem com ele!\" data-userid=\"938022927999860736\" data-orgid=\"938022928004055041\">Verifique se o seu filho est\u00e1 na escola e se est\u00e1 tudo bem com ele!<\/span><\/td>\n<\/tr>\n<tr>\n<td style=\"border: 0px; padding: 0 10px 0 0; max-height: 50px !important;\" width=\"157\"><a href=\"https:\/\/findmykids.onelink.me\/xY6s?pid=content_team&amp;c=pt&amp;af_channel=blog&amp;af_adset=article-br&amp;af_ad=inteligencia-emocional\"><img decoding=\"async\" loading=\"lazy\" class=\"alignnone size-full wp-image-679\" src=\"https:\/\/cdn-blog.findmykids.org\/2017\/01\/appstore_button.png\" alt=\"snimok-yekrana-2017-11-07-v-19-53-51\" width=\"532\" height=\"133\" \/><\/a><\/td>\n<td style=\"border: 0px; padding: 0px; max-height: 50px !important;\" width=\"150\"><a href=\"https:\/\/findmykids.onelink.me\/xY6s?pid=content_team&amp;c=pt&amp;af_channel=blog&amp;af_adset=article-br&amp;af_ad=inteligencia-emocional\"><img decoding=\"async\" loading=\"lazy\" class=\"alignnone size-full wp-image-680\" src=\"https:\/\/cdn-blog.findmykids.org\/2017\/01\/google-play-badge.jpg\" alt=\"snimok-yekrana-2017-11-07-v-19-54-01\" width=\"528\" height=\"132\" \/><\/a><\/td>\n<\/tr>\n<\/tbody>\n<\/table>\n<h3 id=\"\u00c9\">\u00c9 essencial desenvolver a intelig\u00eancia emocional?<\/h3>\n<p>Sem d\u00favida alguma, isso \u00e9 importante. A fim de detectar o n\u00edvel atual da intelig\u00eancia emocional do seu filho, voc\u00ea precisa conhecer os sinais e crit\u00e9rios que permitem identificar uma baixa intelig\u00eancia emocional, bem como os m\u00e9todos para diagnostic\u00e1-la.<\/p>\n<h2 id=\"Sinais\">Sinais de um baixo n\u00edvel de intelig\u00eancia emocional<\/h2>\n<div id=\"attachment_4471\" style=\"width: 752px\" class=\"wp-caption aligncenter\"><img aria-describedby=\"caption-attachment-4471\" decoding=\"async\" loading=\"lazy\" class=\"aligncenter size-full wp-image-4471\" src=\"https:\/\/cdn-blog.findmykids.org\/2019\/08\/depression.jpg\" alt=\"\" width=\"742\" height=\"500\" srcset=\"https:\/\/cdn-blog.findmykids.org\/2019\/08\/depression.jpg 742w, https:\/\/cdn-blog.findmykids.org\/2019\/08\/depression-150x101.jpg 150w, https:\/\/cdn-blog.findmykids.org\/2019\/08\/depression-300x202.jpg 300w, https:\/\/cdn-blog.findmykids.org\/2019\/08\/depression-392x264.jpg 392w\" sizes=\"(max-width: 742px) 100vw, 742px\" \/><p id=\"caption-attachment-4471\" class=\"wp-caption-text\">Prostock-studio\/Shutterstock.com<\/p><\/div>\n<p>O n\u00edvel da intelig\u00eancia emocional \u00e9 chamado de \u201cquociente emocional\u201d, ou QE.<\/p>\n<p>A pessoa que tem um n\u00edvel baixo de QE:<\/p>\n<ul>\n<li>N\u00e3o consegue empatizar com outras pessoas. Tristeza ou alegria em outras pessoas n\u00e3o a afetam. Ela n\u00e3o consegue aceitar a ajuda de outros, j\u00e1 que n\u00e3o entende quais as inten\u00e7\u00f5es dos outros;<\/li>\n<li>N\u00e3o estabelece relacionamentos pr\u00f3ximos de amor ou de amizade, j\u00e1 que tais relacionamentos exigem compromisso m\u00fatuo, reciprocidade emocional, empatia e apoio emocional. Mesmo se esta pessoa estabelecer uma fam\u00edlia, n\u00e3o haver\u00e1 ali uma atmosfera de carinho e aten\u00e7\u00e3o para com todos;<\/li>\n<li>Tem dificuldade em controlar as pr\u00f3prias emo\u00e7\u00f5es. Pessoas assim podem estar na maior felicidade em um momento, s\u00f3 para logo depois ter uma crise de raiva ou de tristeza. Elas tamb\u00e9m se perdem em situa\u00e7\u00f5es emocionalmente tensas;<\/li>\n<li>N\u00e3o compreende que a falta de controle das pr\u00f3prias emo\u00e7\u00f5es pode levar a consequ\u00eancias nefastas; este tipo de gente tende a culpar os outros, sem nunca assumir culpa em situa\u00e7\u00f5es desagrad\u00e1veis;<\/li>\n<li>N\u00e3o sabe como falar sobre sentimentos e n\u00e3o consegue responder a perguntas do tipo \u201cO que voc\u00ea est\u00e1 sentindo nesse momento?\u201d. N\u00e3o consegue ouvir as pr\u00f3prias emo\u00e7\u00f5es.<\/li>\n<\/ul>\n<h2 id=\"Diagn\u00f3stico\">Diagn\u00f3stico de QE<\/h2>\n<div id=\"attachment_6627\" style=\"width: 978px\" class=\"wp-caption aligncenter\"><img aria-describedby=\"caption-attachment-6627\" decoding=\"async\" loading=\"lazy\" class=\"aligncenter wp-image-6627\" src=\"https:\/\/cdn-blog.findmykids.org\/2019\/12\/Intellekt-cheloveka-1024x529.jpg\" alt=\"\" width=\"968\" height=\"500\" srcset=\"https:\/\/cdn-blog.findmykids.org\/2019\/12\/Intellekt-cheloveka-1024x529.jpg 1024w, https:\/\/cdn-blog.findmykids.org\/2019\/12\/Intellekt-cheloveka-150x78.jpg 150w, https:\/\/cdn-blog.findmykids.org\/2019\/12\/Intellekt-cheloveka-300x155.jpg 300w, https:\/\/cdn-blog.findmykids.org\/2019\/12\/Intellekt-cheloveka-768x397.jpg 768w, https:\/\/cdn-blog.findmykids.org\/2019\/12\/Intellekt-cheloveka-600x310.jpg 600w, https:\/\/cdn-blog.findmykids.org\/2019\/12\/Intellekt-cheloveka-200x103.jpg 200w, https:\/\/cdn-blog.findmykids.org\/2019\/12\/Intellekt-cheloveka-808x417.jpg 808w, https:\/\/cdn-blog.findmykids.org\/2019\/12\/Intellekt-cheloveka-392x203.jpg 392w, https:\/\/cdn-blog.findmykids.org\/2019\/12\/Intellekt-cheloveka-1232x637.jpg 1232w, https:\/\/cdn-blog.findmykids.org\/2019\/12\/Intellekt-cheloveka.jpg 1920w\" sizes=\"(max-width: 968px) 100vw, 968px\" \/><p id=\"caption-attachment-6627\" class=\"wp-caption-text\">Prostock-studio\/Shutterstock.com<\/p><\/div>\n<p>Atualmente, existem tr\u00eas m\u00e9todos de medir a QE em adolescentes e adultos:<\/p>\n<ul>\n<li>M\u00e9todos que estudam as diferentes habilidades que, em conjunto, comp\u00f5em a intelig\u00eancia emocional;<\/li>\n<li>M\u00e9todos que se baseiam na forma pela qual a pessoa pensa sobre si mesma;<\/li>\n<li>M\u00e9todos que se valem da auto-estima da pessoa testada, ou de avalia\u00e7\u00f5es da intelig\u00eancia emocional dela feitas por seus colegas, amigos ou familiares.<\/li>\n<\/ul>\n<p>O diagn\u00f3stico do n\u00edvel de intelig\u00eancia emocional em crian\u00e7as que est\u00e3o na pr\u00e9-escola ou j\u00e1 na escola usam testes projetivos de imagem, como por ex., \u201cContinue a desenhar: o mundo de objetos, o mundo de pessoas, o mundo de emo\u00e7\u00f5es\u201d. Tamb\u00e9m s\u00e3o usados question\u00e1rios onde o n\u00edvel de dificuldade varia.<\/p>\n<p>Se voc\u00ea achar dif\u00edcil realizar a diagnose da intelig\u00eancia emocional da crian\u00e7a, converse com o psic\u00f3logo da escola ou jardim de inf\u00e2ncia dela.<\/p>\n<h2 id=\"Desenvolvimento\">Desenvolvimento da esfera de emo\u00e7\u00f5es e sentimentos da crian\u00e7a<\/h2>\n<div id=\"attachment_6631\" style=\"width: 760px\" class=\"wp-caption aligncenter\"><img aria-describedby=\"caption-attachment-6631\" decoding=\"async\" loading=\"lazy\" class=\"aligncenter wp-image-6631\" src=\"https:\/\/cdn-blog.findmykids.org\/2019\/12\/Mladenec-1024x683.jpg\" alt=\"\" width=\"750\" height=\"500\" srcset=\"https:\/\/cdn-blog.findmykids.org\/2019\/12\/Mladenec-1024x683.jpg 1024w, https:\/\/cdn-blog.findmykids.org\/2019\/12\/Mladenec-150x100.jpg 150w, https:\/\/cdn-blog.findmykids.org\/2019\/12\/Mladenec-300x200.jpg 300w, https:\/\/cdn-blog.findmykids.org\/2019\/12\/Mladenec-768x512.jpg 768w, https:\/\/cdn-blog.findmykids.org\/2019\/12\/Mladenec-600x400.jpg 600w, https:\/\/cdn-blog.findmykids.org\/2019\/12\/Mladenec-200x133.jpg 200w, https:\/\/cdn-blog.findmykids.org\/2019\/12\/Mladenec-808x539.jpg 808w, https:\/\/cdn-blog.findmykids.org\/2019\/12\/Mladenec-392x261.jpg 392w, https:\/\/cdn-blog.findmykids.org\/2019\/12\/Mladenec-1232x821.jpg 1232w, https:\/\/cdn-blog.findmykids.org\/2019\/12\/Mladenec.jpg 1920w\" sizes=\"(max-width: 750px) 100vw, 750px\" \/><p id=\"caption-attachment-6631\" class=\"wp-caption-text\">Prostock-studio\/Shutterstock.com<\/p><\/div>\n<p>A partir de que idade \u00e9 importante come\u00e7ar a desenvolver a intelig\u00eancia emocional?<\/p>\n<p>Desde o nascimento. Desde o primeiro dia de vida do seu filho. Vamos explicar melhor como acontece o desenvolvimento das emo\u00e7\u00f5es e sentimentos da crian\u00e7a a cada est\u00e1gio de sua educa\u00e7\u00e3o.<\/p>\n<h3 id=\"Primeiro\">Primeiro n\u00edvel (do nascimento aos tr\u00eas anos de idade)<\/h3>\n<p>O desenvolvimento da intelig\u00eancia emocional da crian\u00e7a come\u00e7a assim que ela nasce. O beb\u00ea v\u00ea os sorrisos da fam\u00edlia, sente um toque afetuoso e aprende a receber e identificar emo\u00e7\u00f5es de alegria, amor e carinho.<\/p>\n<p>Na terceira semana de vida da crian\u00e7a, ela come\u00e7a a desenvolver uma s\u00e9rie de rea\u00e7\u00f5es: uma rea\u00e7\u00e3o especialmente tocante que \u00e9 dirigida aos adultos, sendo exprimida atrav\u00e9s de uma concentra\u00e7\u00e3o visual nos rostos dos pais, seguida de sorriso, movimentos e sons.<\/p>\n<p>A familiaridade do beb\u00ea com as emo\u00e7\u00f5es do medo, tristeza e dor come\u00e7am com as primeiras c\u00e2imbras, com o desenvolvimento dos dentes ou quando a m\u00e3e o deixa sozinho por um longo per\u00edodo.<\/p>\n<h3 id=\"Segundo\">Segundo n\u00edvel: idade pr\u00e9-escolar (dos 4 aos 7 anos de idade)<\/h3>\n<div id=\"attachment_6633\" style=\"width: 765px\" class=\"wp-caption aligncenter\"><img aria-describedby=\"caption-attachment-6633\" decoding=\"async\" loading=\"lazy\" class=\"aligncenter wp-image-6633\" src=\"https:\/\/cdn-blog.findmykids.org\/2019\/12\/rebenok-v-shkole-1024x678.jpg\" alt=\"\" width=\"755\" height=\"500\" srcset=\"https:\/\/cdn-blog.findmykids.org\/2019\/12\/rebenok-v-shkole-1024x678.jpg 1024w, https:\/\/cdn-blog.findmykids.org\/2019\/12\/rebenok-v-shkole-150x99.jpg 150w, https:\/\/cdn-blog.findmykids.org\/2019\/12\/rebenok-v-shkole-300x199.jpg 300w, https:\/\/cdn-blog.findmykids.org\/2019\/12\/rebenok-v-shkole-768x508.jpg 768w, https:\/\/cdn-blog.findmykids.org\/2019\/12\/rebenok-v-shkole-600x397.jpg 600w, https:\/\/cdn-blog.findmykids.org\/2019\/12\/rebenok-v-shkole-200x132.jpg 200w, https:\/\/cdn-blog.findmykids.org\/2019\/12\/rebenok-v-shkole-808x535.jpg 808w, https:\/\/cdn-blog.findmykids.org\/2019\/12\/rebenok-v-shkole-392x259.jpg 392w, https:\/\/cdn-blog.findmykids.org\/2019\/12\/rebenok-v-shkole-1232x816.jpg 1232w, https:\/\/cdn-blog.findmykids.org\/2019\/12\/rebenok-v-shkole.jpg 1920w\" sizes=\"(max-width: 755px) 100vw, 755px\" \/><p id=\"caption-attachment-6633\" class=\"wp-caption-text\">Prostock-studio\/Shutterstock.com<\/p><\/div>\n<p>O desenvolvimento da intelig\u00eancia emocional da crian\u00e7a continua durante a idade pr\u00e9-escolar. A crian\u00e7a se familiariza com os nomes das emo\u00e7\u00f5es, aprende a identific\u00e1-las em outras pessoas e encontra jeitos de vencer as emo\u00e7\u00f5es de raiva e agressividade.<\/p>\n<p>A principal coisa nesta idade \u00e9 que a crian\u00e7a vivencie toda a gama das mais variadas emo\u00e7\u00f5es. Mas nisto ela precisa ter todo o apoio dos pais. Lembre-se de quantas vezes voc\u00ea ouviu os seus pais dizerem, ou talvez disse voc\u00ea mesmo ao seu filho: \u201cN\u00e3o chore!\u201d, \u201cVoc\u00ea est\u00e1 triste sem raz\u00e3o\u201d, \u201cPare de choramingar\u201d ou \u201cN\u00e3o brigue, voc\u00ea \u00e9 uma menina\u201d. Isto \u00e9 justamente a supress\u00e3o das emo\u00e7\u00f5es da crian\u00e7a, a deprecia\u00e7\u00e3o destas emo\u00e7\u00f5es, e isto n\u00e3o s\u00f3 entra no caminho do desenvolvimento da intelig\u00eancia emocional da crian\u00e7a, mas at\u00e9 mesmo deixa a crian\u00e7a envergonhada pelos pr\u00f3prios sentimentos.<\/p>\n<p class=\"warning\">De acordo com os psic\u00f3logos, quando a crian\u00e7a interioriza emo\u00e7\u00f5es fortes na idade de pr\u00e9-escola, existe um risco de futuras neuroses e problemas psicol\u00f3gicos se manifestarem na idade adulta.<\/p>\n<p>Ao ser aceita ao jardim de inf\u00e2ncia, a crian\u00e7a adquire as suas primeiras capacidades de coopera\u00e7\u00e3o social, aprendendo a fazer amigos e a se comunicar com colegas e adultos.<\/p>\n<h3 id=\"Terceiro\">Terceiro n\u00edvel: idade escolar (dos 7 aos 10 anos de idade)<\/h3>\n<div id=\"attachment_4405\" style=\"width: 760px\" class=\"wp-caption aligncenter\"><img aria-describedby=\"caption-attachment-4405\" decoding=\"async\" loading=\"lazy\" class=\"aligncenter size-full wp-image-4405\" src=\"https:\/\/cdn-blog.findmykids.org\/2019\/08\/rebenok-s-knigami.jpg\" alt=\"\" width=\"750\" height=\"500\" srcset=\"https:\/\/cdn-blog.findmykids.org\/2019\/08\/rebenok-s-knigami.jpg 750w, https:\/\/cdn-blog.findmykids.org\/2019\/08\/rebenok-s-knigami-150x100.jpg 150w, https:\/\/cdn-blog.findmykids.org\/2019\/08\/rebenok-s-knigami-300x200.jpg 300w, https:\/\/cdn-blog.findmykids.org\/2019\/08\/rebenok-s-knigami-392x261.jpg 392w\" sizes=\"(max-width: 750px) 100vw, 750px\" \/><p id=\"caption-attachment-4405\" class=\"wp-caption-text\">Prostock-studio\/Shutterstock.com<\/p><\/div>\n<p>Na idade escolar, ocorre o desenvolvimento mais intenso da intelig\u00eancia emocional da crian\u00e7a. \u00c9 aqui que ela adquire a compreens\u00e3o de como aceitar seus pr\u00f3prios sentimentos e emo\u00e7\u00f5es, aprendendo a control\u00e1-los. A crian\u00e7a come\u00e7a a compreender os sentimentos de outras pessoas, descobre uma \u201clinguagem\u201d de comunica\u00e7\u00e3o m\u00fatua com elas e come\u00e7a a conseguir imaginar como \u00e9 estar no lugar de uma outra pessoa. A capacidade de empatia se desenvolve.<\/p>\n<p>As duas principais fontes para estas descobertas s\u00e3o a pr\u00f3pria fam\u00edlia e a escola. Na escola, a crian\u00e7a participa da vida em classe e coopera com colegas e professores.<\/p>\n<p>Pode acontecer da crian\u00e7a se deparar com colegas desagrad\u00e1veis, que a maltratam. Com professores preconceituosos. Situa\u00e7\u00f5es dif\u00edceis assim t\u00eam um papel importante na vida da crian\u00e7a, possibilitando que ela sinta as pr\u00f3prias habilidades \u2013 habilidades que, por um lado, trazem a alegria e orgulho das pr\u00f3prias conquistas, mas que por outro lado podem causar raiva e desapontamento.<\/p>\n<p>\u00c9 neste ponto que a intelig\u00eancia emocional vira uma esp\u00e9cie de regulador da vida, definindo as informa\u00e7\u00f5es emocionais necess\u00e1rias e afastando as irrelevantes.<\/p>\n<h3 id=\"Quarto\">Quarto n\u00edvel: adolesc\u00eancia (dos 10 aos 18 anos de idade)<\/h3>\n<div id=\"attachment_4630\" style=\"width: 710px\" class=\"wp-caption aligncenter\"><img aria-describedby=\"caption-attachment-4630\" decoding=\"async\" loading=\"lazy\" class=\"aligncenter size-full wp-image-4630\" src=\"https:\/\/cdn-blog.findmykids.org\/2019\/08\/teenager.jpg\" alt=\"\" width=\"700\" height=\"500\" srcset=\"https:\/\/cdn-blog.findmykids.org\/2019\/08\/teenager.jpg 700w, https:\/\/cdn-blog.findmykids.org\/2019\/08\/teenager-150x107.jpg 150w, https:\/\/cdn-blog.findmykids.org\/2019\/08\/teenager-300x214.jpg 300w, https:\/\/cdn-blog.findmykids.org\/2019\/08\/teenager-392x280.jpg 392w\" sizes=\"(max-width: 700px) 100vw, 700px\" \/><p id=\"caption-attachment-4630\" class=\"wp-caption-text\">Prostock-studio\/Shutterstock.com<\/p><\/div>\n<p>Esta idade se caracteriza pelo \u201cturbilh\u00e3o\u201d de emo\u00e7\u00f5es e sentimentos, com os quais, para o adolescente, nem sempre \u00e9 f\u00e1cil de lidar. O jovem come\u00e7a a perceber a pr\u00f3pria exclusividade e originalidade, contrastando-se a si mesmo com outros, o que frequentemente leva a conflitos com colegas e adultos.<\/p>\n<p>\u00c9 dif\u00edcil para o adolescente processar as emo\u00e7\u00f5es, e frequentemente as outras pessoas n\u00e3o entendem bem o que est\u00e1 acontecendo. Manifesta\u00e7\u00f5es emocionais de adolescentes podem ser muito inst\u00e1veis, passando de extrema alegria para acessos descontrolados de agressividade.<\/p>\n<p>Por isso \u00e9 importante que neste per\u00edodo agitado de crescimento os pais virem amigos compreensivos e solid\u00e1rios para com seus filhos \u2013 e n\u00e3o ditadores estritos, exigindo o tempo todo obedi\u00eancia a regras e normas. M\u00e3es e pais n\u00e3o devem rejeitar ou desvalorizar as emo\u00e7\u00f5es e a\u00e7\u00f5es dif\u00edceis (e \u00e0s vezes controversas) de seus filhos.<\/p>\n<h2 id=\"Conselhos\">Conselhos pr\u00e1ticos para os pais<\/h2>\n<div id=\"attachment_4489\" style=\"width: 760px\" class=\"wp-caption aligncenter\"><img aria-describedby=\"caption-attachment-4489\" decoding=\"async\" loading=\"lazy\" class=\"aligncenter size-full wp-image-4489\" src=\"https:\/\/cdn-blog.findmykids.org\/2019\/08\/parents.jpg\" alt=\"\" width=\"750\" height=\"500\" srcset=\"https:\/\/cdn-blog.findmykids.org\/2019\/08\/parents.jpg 750w, https:\/\/cdn-blog.findmykids.org\/2019\/08\/parents-150x100.jpg 150w, https:\/\/cdn-blog.findmykids.org\/2019\/08\/parents-300x200.jpg 300w, https:\/\/cdn-blog.findmykids.org\/2019\/08\/parents-392x261.jpg 392w\" sizes=\"(max-width: 750px) 100vw, 750px\" \/><p id=\"caption-attachment-4489\" class=\"wp-caption-text\">Prostock-studio\/Shutterstock.com<\/p><\/div>\n<p>\u00c9 importante para os pais entender que n\u00e3o h\u00e1 emo\u00e7\u00f5es boas ou ruins. Cada emo\u00e7\u00e3o que \u00e9 sentida pela crian\u00e7a \u00e9 importante e necess\u00e1ria para que ela possa coexistir em harmonia com o mundo ao seu redor. A crian\u00e7a precisa conseguir criar, alterar e lidar com o mundo ao seu redor, compreendendo e vivenciando diferentes estados emocionais, tanto pr\u00f3prios quanto alheios. Isto \u00e9 essencial para o sucesso do futuro dela.<\/p>\n<p>O desenvolvimento da intelig\u00eancia emocional \u00e9 baseado nos passos que a crian\u00e7a vai dando, conforme aprende gradualmente:<\/p>\n<h3>Compreens\u00e3o das emo\u00e7\u00f5es<\/h3>\n<p class=\"warning\">Nesta altura, a crian\u00e7a est\u00e1 se familiarizando com a variabilidade do mundo emocional, aprendendo os nomes de cada emo\u00e7\u00e3o, como ela se manifesta nela mesma. A crian\u00e7a aprende a diferenciar entre as emo\u00e7\u00f5es e entender as raz\u00f5es por tr\u00e1s de cada sentimento.<\/p>\n<p><strong>Nesta idade, recomenda-se aos pais:<\/strong><\/p>\n<ul>\n<li>Ensinar a crian\u00e7a sobre sentimentos e emo\u00e7\u00f5es atrav\u00e9s de materiais visuais: imagens, livros, literatura infantil com ilustra\u00e7\u00f5es;<\/li>\n<li>Ler contos de fadas e assistir juntos a desenhos animados com bastante conte\u00fado emocional;<\/li>\n<li>Conversar sobre os pr\u00f3prios sentimentos e os sentimentos da crian\u00e7a em diferentes situa\u00e7\u00f5es: \u201cAgora estou muito bravo porque voc\u00ea quebrou a caneca\u201d, \u201cVejo que voc\u00ea est\u00e1 aborrecida porque o seu carrinho favorito quebrou\u201d, \u201cSua av\u00f3 est\u00e1 feliz porque voc\u00ea deu um desenho t\u00e3o bonito para ela\u201d;<\/li>\n<li>Perguntar para a crian\u00e7a, todo dia, \u201cComo est\u00e1 o seu humor hoje?\u201d, \u201cO que voc\u00ea est\u00e1 sentindo hoje?\u201d.<\/li>\n<\/ul>\n<h3>Compreens\u00e3o dos sentimentos de outras pessoas<\/h3>\n<div id=\"attachment_4626\" style=\"width: 760px\" class=\"wp-caption aligncenter\"><img aria-describedby=\"caption-attachment-4626\" decoding=\"async\" loading=\"lazy\" class=\"aligncenter size-full wp-image-4626\" src=\"https:\/\/cdn-blog.findmykids.org\/2019\/08\/parenting-1.jpg\" alt=\"\" width=\"750\" height=\"500\" srcset=\"https:\/\/cdn-blog.findmykids.org\/2019\/08\/parenting-1.jpg 750w, https:\/\/cdn-blog.findmykids.org\/2019\/08\/parenting-1-150x100.jpg 150w, https:\/\/cdn-blog.findmykids.org\/2019\/08\/parenting-1-300x200.jpg 300w, https:\/\/cdn-blog.findmykids.org\/2019\/08\/parenting-1-392x261.jpg 392w\" sizes=\"(max-width: 750px) 100vw, 750px\" \/><p id=\"caption-attachment-4626\" class=\"wp-caption-text\">Prostock-studio\/Shutterstock.com<\/p><\/div>\n<p>A crian\u00e7a descobre que outras pessoas tamb\u00e9m t\u00eam emo\u00e7\u00f5es, aprendendo a identificar o que as pessoas sentem atrav\u00e9s de suas express\u00f5es faciais, pose e comportamento. A crian\u00e7a aprende a oferecer apoio emocional e a empatizar.<\/p>\n<p><strong>Nesta idade, \u00e9 \u00fatil que os pais procurem:<\/strong><\/p>\n<ul>\n<li>N\u00e3o tentar agir como uma pessoa ideal, alegre e cheia de entusiasmo 24 horas por dia. A crian\u00e7a precisa ver como voc\u00ea \u00e9 na realidade: \u00e0s vezes aborrecido, \u00e0s vezes cansado, \u00e0s vezes bravo. S\u00f3 assim a crian\u00e7a poder\u00e1 entender os sentimentos de outras pessoas e alterar o pr\u00f3prio comportamento de acordo com eles: \u201cMeu pai est\u00e1 aborrecido, est\u00e1 com problemas no trabalho. N\u00e3o vamos fazer muito barulho hoje, melhor assistir um desenho no seu quarto\u201d;<\/li>\n<li>Discutir o comportamento de personagens em hist\u00f3rias e desenhos animados: \u201cO que voc\u00ea acha que a Cinderela sentiu quando voltou para casa depois do baile?\u201d, \u201cComo ser\u00e1 que a Branca de Neve estava quando se perdeu na floresta e encontrou os an\u00f5es?\u201d;<\/li>\n<li>Desenvolver o sentimento de empatia da crian\u00e7a. N\u00e3o se esque\u00e7a de que o pai e a m\u00e3e s\u00e3o exemplos que ela copiai. Se n\u00e3o existe uma rela\u00e7\u00e3o de confian\u00e7a na sua fam\u00edlia, uma atmosfera de carinho, aceita\u00e7\u00e3o e apoio m\u00fatuo, a crian\u00e7a n\u00e3o desenvolver\u00e1 estes sentimentos.<\/li>\n<\/ul>\n<h3>Saber lidar com o pr\u00f3prio comportamento<\/h3>\n<p>Assim que a crian\u00e7a come\u00e7a a entender e analisar o que ela sente, ela conseguir\u00e1 controlar e lidar com seu estado emocional.<\/p>\n<p><strong>Os pais devem:<\/strong><\/p>\n<ul>\n<li>Ensinar \u00e0 crian\u00e7a formas aceit\u00e1veis de dar vaz\u00e3o \u00e0 raiva: bater no travesseiro, rasgar pap\u00e9is, espernear;<\/li>\n<li>Ensinar a prestar aten\u00e7\u00e3o a sensa\u00e7\u00f5es corporais;<\/li>\n<li>Escolher, juntamente com a crian\u00e7a, maneiras de melhorar o estado emocional dela: fazer uma caminhada, assistir um desenho animado, escutar uma m\u00fasica animada.<\/li>\n<\/ul>\n<h3>Intera\u00e7\u00e3o social e uso de recursos emocionais para alcan\u00e7ar objetivos<\/h3>\n<div id=\"attachment_5277\" style=\"width: 759px\" class=\"wp-caption aligncenter\"><img aria-describedby=\"caption-attachment-5277\" decoding=\"async\" loading=\"lazy\" class=\"aligncenter size-full wp-image-5277\" src=\"https:\/\/cdn-blog.findmykids.org\/2019\/09\/byling-v-shkole.jpg\" alt=\"\" width=\"749\" height=\"500\" srcset=\"https:\/\/cdn-blog.findmykids.org\/2019\/09\/byling-v-shkole.jpg 749w, https:\/\/cdn-blog.findmykids.org\/2019\/09\/byling-v-shkole-150x100.jpg 150w, https:\/\/cdn-blog.findmykids.org\/2019\/09\/byling-v-shkole-300x200.jpg 300w, https:\/\/cdn-blog.findmykids.org\/2019\/09\/byling-v-shkole-392x262.jpg 392w\" sizes=\"(max-width: 749px) 100vw, 749px\" \/><p id=\"caption-attachment-5277\" class=\"wp-caption-text\">Prostock-studio\/Shutterstock.com<\/p><\/div>\n<p>A fim de se tornar uma pessoa feliz e bem-sucedida no futuro, a crian\u00e7a precisa aprender a cooperar com as pessoas ao seu redor: estabelecer e dar apoio a rela\u00e7\u00f5es interpessoais, ajudar nas horas certas, resolver conflitos, ser capaz de trabalhar em equipe. Para conseguir isso, \u00e9 necess\u00e1rio compreender bem os sentimentos pessoais e os de outros. E, no topo da pir\u00e2mide, estes recursos emocionais podem ser usados para alcan\u00e7ar metas predefinidas, para se desenvolver e se autorrealizar.<\/p>\n<p><strong>\u00c9 importante para os pais:<\/strong><\/p>\n<ul>\n<li>Desenvolver as habilidades de comunica\u00e7\u00e3o da crian\u00e7a atrav\u00e9s de jogos com adultos e colegas, desenhos animados e filmes, leituras com um tema de amizade e amigos;<\/li>\n<li>Desenvolver uma auto-estima robusta e fortalecer a independ\u00eancia e autoconfian\u00e7a da crian\u00e7a. Ela deve saber reconhecer a responsabilidade de cada a\u00e7\u00e3o e estar pronta para enfrentar as consequ\u00eancias.<\/li>\n<\/ul>\n<h2 id=\"Jogos\">Jogos, brincadeiras e exerc\u00edcios para o desenvolvimento da intelig\u00eancia emocional da crian\u00e7a<\/h2>\n<div id=\"attachment_6628\" style=\"width: 760px\" class=\"wp-caption aligncenter\"><img aria-describedby=\"caption-attachment-6628\" decoding=\"async\" loading=\"lazy\" class=\"aligncenter wp-image-6628\" src=\"https:\/\/cdn-blog.findmykids.org\/2019\/12\/Umnyy-rebenok-1024x683.jpg\" alt=\"\" width=\"750\" height=\"500\" srcset=\"https:\/\/cdn-blog.findmykids.org\/2019\/12\/Umnyy-rebenok-1024x683.jpg 1024w, https:\/\/cdn-blog.findmykids.org\/2019\/12\/Umnyy-rebenok-150x100.jpg 150w, https:\/\/cdn-blog.findmykids.org\/2019\/12\/Umnyy-rebenok-300x200.jpg 300w, https:\/\/cdn-blog.findmykids.org\/2019\/12\/Umnyy-rebenok-768x512.jpg 768w, https:\/\/cdn-blog.findmykids.org\/2019\/12\/Umnyy-rebenok-600x400.jpg 600w, https:\/\/cdn-blog.findmykids.org\/2019\/12\/Umnyy-rebenok-200x133.jpg 200w, https:\/\/cdn-blog.findmykids.org\/2019\/12\/Umnyy-rebenok-808x539.jpg 808w, https:\/\/cdn-blog.findmykids.org\/2019\/12\/Umnyy-rebenok-392x261.jpg 392w, https:\/\/cdn-blog.findmykids.org\/2019\/12\/Umnyy-rebenok-1232x821.jpg 1232w, https:\/\/cdn-blog.findmykids.org\/2019\/12\/Umnyy-rebenok.jpg 1920w\" sizes=\"(max-width: 750px) 100vw, 750px\" \/><p id=\"caption-attachment-6628\" class=\"wp-caption-text\">Prostock-studio\/Shutterstock.com<\/p><\/div>\n<p>Os psic\u00f3logos recomendam fazer uso de jogos e exerc\u00edcios a fim de enriquecer a esfera dos sentimentos e desenvolver a intelig\u00eancia emocional da crian\u00e7a em todas as idades. Isto tudo pode ser usado pelos pais para ajudar seu filho a se compreender a si mesmo e a outras pessoas.<\/p>\n<ol>\n<li>Jogos com pictogramas emocionais: prepare imagens com emo\u00e7\u00f5es de alegria, tristeza, raiva, medo, surpresa, calma, etc. Voc\u00ea pode us\u00e1-las separadamente ou criar uma esp\u00e9cie de \u201cclube de humor\u201d. Voc\u00ea pergunta \u00e0 crian\u00e7a: \u201cQual \u00e9 o seu humor hoje?\u201d e ela escolhe a imagem correspondente. A seguir, voc\u00ea pode tornar o jogo mais dif\u00edcil atrav\u00e9s de uma situa\u00e7\u00e3o qualquer. Por exemplo: \u201cA Catarina brigou com a melhor amiga dela, a Maria. O que voc\u00ea acha que ela sentiu? Qual \u00e9 o humor dela agora?\u201d<\/li>\n<li>Exerc\u00edcios de \u201cmostrar uma emo\u00e7\u00e3o\u201d: a crian\u00e7a precisa usar express\u00f5es faciais e poses para mostrar a emo\u00e7\u00e3o certa, que \u00e9 escolhida pelo pai ou pela m\u00e3e \u2013 ou vice-versa. Voc\u00eas podem fazer uma competi\u00e7\u00e3o para ver quem apresenta melhor.<div id=\"attachment_6805\" style=\"width: 760px\" class=\"wp-caption aligncenter\"><img aria-describedby=\"caption-attachment-6805\" decoding=\"async\" loading=\"lazy\" class=\"aligncenter wp-image-6805\" src=\"https:\/\/cdn-blog.findmykids.org\/2019\/12\/girl-2252145_1920-1024x683.jpg\" alt=\"\" width=\"750\" height=\"500\" srcset=\"https:\/\/cdn-blog.findmykids.org\/2019\/12\/girl-2252145_1920-1024x683.jpg 1024w, https:\/\/cdn-blog.findmykids.org\/2019\/12\/girl-2252145_1920-150x100.jpg 150w, https:\/\/cdn-blog.findmykids.org\/2019\/12\/girl-2252145_1920-300x200.jpg 300w, https:\/\/cdn-blog.findmykids.org\/2019\/12\/girl-2252145_1920-768x512.jpg 768w, https:\/\/cdn-blog.findmykids.org\/2019\/12\/girl-2252145_1920-600x400.jpg 600w, https:\/\/cdn-blog.findmykids.org\/2019\/12\/girl-2252145_1920-200x133.jpg 200w, https:\/\/cdn-blog.findmykids.org\/2019\/12\/girl-2252145_1920-808x539.jpg 808w, https:\/\/cdn-blog.findmykids.org\/2019\/12\/girl-2252145_1920-392x261.jpg 392w, https:\/\/cdn-blog.findmykids.org\/2019\/12\/girl-2252145_1920-1232x821.jpg 1232w, https:\/\/cdn-blog.findmykids.org\/2019\/12\/girl-2252145_1920.jpg 1920w\" sizes=\"(max-width: 750px) 100vw, 750px\" \/><p id=\"caption-attachment-6805\" class=\"wp-caption-text\">Prostock-studio\/Shutterstock.com<\/p><\/div><\/li>\n<li>Assistir a desenhos animados e filmes ou fazer leituras, ao que se segue uma discuss\u00e3o dos sentimentos dos personagens principais.<\/li>\n<li>Brincar de \u201cFico feliz quando\u2026\u201d: a crian\u00e7a, o pai e a m\u00e3e se revezam em contar sobre situa\u00e7\u00f5es que os deixam alegres, assustados, aborrecidos, surpresos, etc.<\/li>\n<li>Para se livrar da raiva: em situa\u00e7\u00f5es onde a crian\u00e7a est\u00e1 com muita raiva ou extremamente aborrecida, use um \u201csaco de pancadas de raiva\u201d ou um \u201ctravesseiro de raiva\u201d que pode ser socado, jogado no ch\u00e3o ou pisoteado. Desta forma, a crian\u00e7a libera as emo\u00e7\u00f5es fortes acumuladas sem causar dano a ningu\u00e9m.<\/li>\n<\/ol>\n<p>Isto \u00e9 o que todo pai deve saber sobre a intelig\u00eancia emocional de seus filhos e sobre a necessidade de desenvolver este tipo de intelig\u00eancia. Se voc\u00ea quer criar uma pessoa feliz e bem-sucedida, que consegue viver em harmonia consigo mesmo e com o mundo ao seu redor, ensine a ela como se compreender a si mesma e aos outros!<\/p>\n<p><div id=\"attachment_3506\" style=\"width: 630px\" class=\"wp-caption aligncenter\"><img aria-describedby=\"caption-attachment-3506\" decoding=\"async\" loading=\"lazy\" class=\"aligncenter size-full wp-image-3506\" src=\"https:\/\/cdn-blog.findmykids.org\/2019\/05\/brazilian-banner-fmk.jpg\" alt=\"brazilian banner fmk\" width=\"620\" height=\"305\" \/><p id=\"caption-attachment-3506\" class=\"wp-caption-text\">Prostock-studio\/Shutterstock.com<\/p><\/div><br \/>\n<a href=\"https:\/\/findmykids.onelink.me\/xY6s?pid=content_team&amp;c=pt&amp;af_channel=blog&amp;af_adset=article-br&amp;af_ad=inteligencia-emocional\"><img decoding=\"async\" loading=\"lazy\" class=\"aligncenter wp-image-1578 size-full\" src=\"https:\/\/cdn-blog.findmykids.org\/2018\/09\/AppStore_GooglePlay_small.png\" alt=\"\" width=\"400\" height=\"84\" \/><\/a><\/p>\n\t\t<div class=\"wpulike wpulike-default \" ><div class=\"wp_ulike_general_class wp_ulike_is_not_liked\"><button type=\"button\"\n\t\t\t\t\taria-label=\"Like Button\"\n\t\t\t\t\tdata-ulike-id=\"7820\"\n\t\t\t\t\tdata-ulike-nonce=\"1f0c8b2731\"\n\t\t\t\t\tdata-ulike-type=\"likeThis\"\n\t\t\t\t\tdata-ulike-template=\"wpulike-default\"\n\t\t\t\t\tdata-ulike-display-likers=\"0\"\n\t\t\t\t\tdata-ulike-disable-pophover=\"0\"\n\t\t\t\t\tclass=\"wp_ulike_btn wp_ulike_put_image wp_likethis_7820\"><\/button><span class=\"count-box\">2<\/span>\t\t\t<\/div><\/div>\n\t","protected":false},"excerpt":{"rendered":"<p>Hoje em dia, todo pai e m\u00e3e que que se preza acha que \u00e9 essencial&#8230;<\/p>\n","protected":false},"author":4,"featured_media":6635,"comment_status":"open","ping_status":"open","sticky":false,"template":"","format":"standard","meta":{"classic-editor-remember":["classic-editor"],"_edit_lock":["1624272717:4"],"_edit_last":["4"],"mpulseenable_meta_value":["no"],"ytrssenabled_meta_value":["no"],"ytremove_meta_value":["yes"],"ytad1meta":["enabled"],"ytad2meta":["enabled"],"ytad3meta":["enabled"],"ytad4meta":["enabled"],"ytad5meta":["enabled"],"template_meta":["no"],"yzcategory_meta_value":["\u0414\u043e\u043c"],"yzrating_meta_value":["\u041d\u0435\u0442 (\u043d\u0435 \u0434\u043b\u044f \u0432\u0437\u0440\u043e\u0441\u043b\u044b\u0445)"],"yzrssenabled_meta_value":["yes"],"_s2mail":["yes"],"amphtml_featured_image_id":["0"],"amphtml-exclude":["0"],"amphtml-override-title":[""],"amphtml-override-content":[""],"\u0430\u0432\u0442\u043e\u0440":["Alberto Queiroz"],"_\u0430\u0432\u0442\u043e\u0440":["field_5e33cab3984d1"],"\u0444\u043e\u0442\u043e":[""],"_\u0444\u043e\u0442\u043e":["field_5e33cbc1984d2"],"hide-in-popular":[""],"_hide-in-popular":["field_5d0c8a5b4fde2"],"_thumbnail_id":["6635"],"lang-en":["7027"],"lang-ru":["6618"],"_liked":["1"],"saswp_custom_schema_field":[""],"ampforwp_custom_content_editor":[""],"ampforwp_custom_content_editor_checkbox":[null],"ampforwp-amp-on-off":["default"],"layf_related_links":[""],"layf_exclude_from_feed":["0"],"_aioseop_description":["O artigo ensina aos pais como desenvolver a intelig\u00eancia emocional de seus filhos, permitindo que cada crian\u00e7a se torne uma pessoa feliz e bem-sucedida, em harmonia consigo mesma e com o mundo que a rodeia."],"_aioseop_title":["Como desenvolver a intelig\u00eancia emocional da crian\u00e7a: dicas e coisas a fazer"]},"categories":[101],"tags":[],"language":[62],"acf":{"custom_title":"","custom_image":null,"custom_alt":"","read_more":null},"aioseo_notices":[],"featured_image_src":"https:\/\/cdn-blog.findmykids.org\/2019\/12\/YEmocionalnyy-intellekt.jpg","author_info":{"display_name":"Find My Kids","author_link":"https:\/\/findmykids.org\/blog\/ru\/author\/karpova"},"jetpack_featured_media_url":"https:\/\/cdn-blog.findmykids.org\/2019\/12\/YEmocionalnyy-intellekt.jpg","reading_time":"12","_links":{"self":[{"href":"https:\/\/findmykids.org\/blog\/wp-json\/wp\/v2\/posts\/7820"}],"collection":[{"href":"https:\/\/findmykids.org\/blog\/wp-json\/wp\/v2\/posts"}],"about":[{"href":"https:\/\/findmykids.org\/blog\/wp-json\/wp\/v2\/types\/post"}],"author":[{"embeddable":true,"href":"https:\/\/findmykids.org\/blog\/wp-json\/wp\/v2\/users\/4"}],"replies":[{"embeddable":true,"href":"https:\/\/findmykids.org\/blog\/wp-json\/wp\/v2\/comments?post=7820"}],"version-history":[{"count":6,"href":"https:\/\/findmykids.org\/blog\/wp-json\/wp\/v2\/posts\/7820\/revisions"}],"predecessor-version":[{"id":22463,"href":"https:\/\/findmykids.org\/blog\/wp-json\/wp\/v2\/posts\/7820\/revisions\/22463"}],"wp:featuredmedia":[{"embeddable":true,"href":"https:\/\/findmykids.org\/blog\/wp-json\/wp\/v2\/media\/6635"}],"wp:attachment":[{"href":"https:\/\/findmykids.org\/blog\/wp-json\/wp\/v2\/media?parent=7820"}],"wp:term":[{"taxonomy":"category","embeddable":true,"href":"https:\/\/findmykids.org\/blog\/wp-json\/wp\/v2\/categories?post=7820"},{"taxonomy":"post_tag","embeddable":true,"href":"https:\/\/findmykids.org\/blog\/wp-json\/wp\/v2\/tags?post=7820"},{"taxonomy":"language","embeddable":true,"href":"https:\/\/findmykids.org\/blog\/wp-json\/wp\/v2\/language?post=7820"}],"curies":[{"name":"wp","href":"https:\/\/api.w.org\/{rel}","templated":true}]}}